{"id":2472,"date":"2023-09-15T22:40:00","date_gmt":"2023-09-15T21:40:00","guid":{"rendered":"https:\/\/drones-and-lights.com\/2023\/09\/15\/inauguration-du-campus-de-linnovation-de-living-tomorrow-avec-un-spectacle-de-drones\/"},"modified":"2025-02-25T14:42:03","modified_gmt":"2025-02-25T13:42:03","slug":"inauguration-du-campus-de-linnovation-de-living-tomorrow-avec-un-spectacle-de-drones","status":"publish","type":"post","link":"https:\/\/drones-and-lights.com\/fr\/2023\/09\/15\/inauguration-du-campus-de-linnovation-de-living-tomorrow-avec-un-spectacle-de-drones\/","title":{"rendered":"Inauguration du Campus de l&rsquo;Innovation de Living Tomorrow avec un spectacle de drones"},"content":{"rendered":"\t\t<div data-elementor-type=\"wp-post\" data-elementor-id=\"2472\" class=\"elementor elementor-2472 elementor-1538\" data-elementor-post-type=\"post\">\n\t\t\t\t<div class=\"elementor-element elementor-element-7dacbb7 e-flex e-con-boxed e-con e-parent\" data-id=\"7dacbb7\" data-element_type=\"container\" data-e-type=\"container\">\n\t\t\t\t\t<div class=\"e-con-inner\">\n\t\t\t\t<div class=\"elementor-element elementor-element-ca62e3f elementor-widget elementor-widget-video\" data-id=\"ca62e3f\" data-element_type=\"widget\" data-e-type=\"widget\" data-settings=\"{&quot;youtube_url&quot;:&quot;https:\\\/\\\/youtu.be\\\/5AnMmXdPb0A&quot;,&quot;show_image_overlay&quot;:&quot;yes&quot;,&quot;image_overlay&quot;:{&quot;url&quot;:&quot;https:\\\/\\\/drones-and-lights.com\\\/wp-content\\\/uploads\\\/2023\\\/09\\\/Living-Tomorrow-2023.webp&quot;,&quot;id&quot;:2305,&quot;size&quot;:&quot;&quot;,&quot;alt&quot;:&quot;&quot;,&quot;source&quot;:&quot;library&quot;},&quot;video_type&quot;:&quot;youtube&quot;,&quot;controls&quot;:&quot;yes&quot;}\" data-widget_type=\"video.default\">\n\t\t\t\t<div class=\"elementor-widget-container\">\n\t\t\t\t\t\t\t<div class=\"elementor-wrapper elementor-open-inline\">\n\t\t\t<div class=\"elementor-video\"><\/div>\t\t\t\t<div class=\"elementor-custom-embed-image-overlay\" style=\"background-image: url(https:\/\/drones-and-lights.com\/wp-content\/uploads\/2023\/09\/Living-Tomorrow-2023.webp);\">\n\t\t\t\t\t\t\t\t\t\t\t\t\t\t\t\t<div class=\"elementor-custom-embed-play\" role=\"button\" aria-label=\"Lire la vid\u00e9o\" tabindex=\"0\">\n\t\t\t\t\t\t\t<i aria-hidden=\"true\" class=\"eicon-play\"><\/i>\t\t\t\t\t\t<\/div>\n\t\t\t\t\t\t\t\t\t<\/div>\n\t\t\t\t\t<\/div>\n\t\t\t\t\t\t<\/div>\n\t\t\t\t<\/div>\n\t\t\t\t\t<\/div>\n\t\t\t\t<\/div>\n\t\t<div class=\"elementor-element elementor-element-859fe67 e-flex e-con-boxed e-con e-parent\" data-id=\"859fe67\" data-element_type=\"container\" data-e-type=\"container\">\n\t\t\t\t\t<div class=\"e-con-inner\">\n\t\t\t\t<div class=\"elementor-element elementor-element-509b45c elementor-widget__width-initial elementor-icon-list--layout-traditional elementor-list-item-link-full_width elementor-widget elementor-widget-icon-list\" data-id=\"509b45c\" data-element_type=\"widget\" data-e-type=\"widget\" data-widget_type=\"icon-list.default\">\n\t\t\t\t<div class=\"elementor-widget-container\">\n\t\t\t\t\t\t\t<ul class=\"elementor-icon-list-items\">\n\t\t\t\t\t\t\t<li class=\"elementor-icon-list-item\">\n\t\t\t\t\t\t\t\t\t\t\t<span class=\"elementor-icon-list-icon\">\n\t\t\t\t\t\t\t<i aria-hidden=\"true\" class=\"fas fa-map-marker-alt\"><\/i>\t\t\t\t\t\t<\/span>\n\t\t\t\t\t\t\t\t\t\t<span class=\"elementor-icon-list-text\">Vilvorde, Belgique<\/span>\n\t\t\t\t\t\t\t\t\t<\/li>\n\t\t\t\t\t\t\t\t<li class=\"elementor-icon-list-item\">\n\t\t\t\t\t\t\t\t\t\t\t<span class=\"elementor-icon-list-icon\">\n\t\t\t\t\t\t\t<i aria-hidden=\"true\" class=\"far fa-calendar-alt\"><\/i>\t\t\t\t\t\t<\/span>\n\t\t\t\t\t\t\t\t\t\t<span class=\"elementor-icon-list-text\">15 sept 2023<\/span>\n\t\t\t\t\t\t\t\t\t<\/li>\n\t\t\t\t\t\t<\/ul>\n\t\t\t\t\t\t<\/div>\n\t\t\t\t<\/div>\n\t\t\t\t<div class=\"elementor-element elementor-element-c504841 elementor-widget elementor-widget-text-editor\" data-id=\"c504841\" data-element_type=\"widget\" data-e-type=\"widget\" data-widget_type=\"text-editor.default\">\n\t\t\t\t<div class=\"elementor-widget-container\">\n\t\t\t\t\t\t\t\t\t<p>Living Tomorrow est une plateforme d&rsquo;innovation qui connecte clients, partenaires, march\u00e9s et interlocuteurs gouvernementaux. Leur ambition est d&rsquo;acc\u00e9l\u00e9rer consid\u00e9rablement l&rsquo;innovation. Le 15 septembre, ils ont inaugur\u00e9 leur nouveau Campus de l&rsquo;Innovation, qui propose six zones d&rsquo;exp\u00e9rience permettant aux visiteurs de d\u00e9couvrir \u00e0 quoi pourrait ressembler la vie apr\u00e8s 2030. Quoi de plus inspirant que de partager ce message visionnaire \u00e0 travers un spectacle de drones lors de la grande ouverture ?   <\/p>\n<p>Nous avons \u00e9bloui la foule avec des displays visuels repr\u00e9sentant les principaux piliers de Living Tomorrow : la mobilit\u00e9 intelligente, les habitations intelligentes, la sant\u00e9 intelligente, l&rsquo;infrastructure intelligente, les villes intelligentes et le travail intelligent. Cela a abouti \u00e0 des repr\u00e9sentations massives de voitures, de gratte-ciel, de c\u0153urs, du globe et de robots. Le tout culminant avec le logo de Living Tomorrow s&rsquo;\u00e9tirant sur 150 m\u00e8tres par 30 m\u00e8tres \u00e0 travers le ciel.  <\/p>\n<p>La zone de vol \u00e9tait situ\u00e9e dans le couloir d&rsquo;approche de l&rsquo;a\u00e9roport international de Bruxelles, signifiant que pendant le show, des avions atterrissaient et d\u00e9collaient directement au-dessus de notre spectacle de drones. Gr\u00e2ce \u00e0 notre proc\u00e9dure de s\u00e9curit\u00e9, notre expertise et notre licence op\u00e9rationnelle, nous avons pu rendre cela possible. <\/p>\n<p>Gr\u00e2ce \u00e0 l&rsquo;innovation, le ciel devient notre toile.<\/p>\n\t\t\t\t\t\t\t\t<\/div>\n\t\t\t\t<\/div>\n\t\t\t\t\t<\/div>\n\t\t\t\t<\/div>\n\t\t<div class=\"elementor-element elementor-element-a2067de e-flex e-con-boxed e-con e-parent\" data-id=\"a2067de\" data-element_type=\"container\" data-e-type=\"container\">\n\t\t\t\t\t<div class=\"e-con-inner\">\n\t\t\t\t<div class=\"elementor-element elementor-element-faf187a elementor-widget elementor-widget-gallery\" data-id=\"faf187a\" data-element_type=\"widget\" data-e-type=\"widget\" data-settings=\"{&quot;columns&quot;:3,&quot;aspect_ratio&quot;:&quot;1:1&quot;,&quot;lazyload&quot;:&quot;yes&quot;,&quot;gallery_layout&quot;:&quot;grid&quot;,&quot;columns_tablet&quot;:2,&quot;columns_mobile&quot;:1,&quot;gap&quot;:{&quot;unit&quot;:&quot;px&quot;,&quot;size&quot;:10,&quot;sizes&quot;:[]},&quot;gap_tablet&quot;:{&quot;unit&quot;:&quot;px&quot;,&quot;size&quot;:10,&quot;sizes&quot;:[]},&quot;gap_mobile&quot;:{&quot;unit&quot;:&quot;px&quot;,&quot;size&quot;:10,&quot;sizes&quot;:[]},&quot;link_to&quot;:&quot;file&quot;,&quot;overlay_background&quot;:&quot;yes&quot;,&quot;content_hover_animation&quot;:&quot;fade-in&quot;}\" data-widget_type=\"gallery.default\">\n\t\t\t\t<div class=\"elementor-widget-container\">\n\t\t\t\t\t\t\t<div class=\"elementor-gallery__container\">\n\t\t\t\t\t\t\t<a class=\"e-gallery-item elementor-gallery-item elementor-animated-content\" href=\"https:\/\/drones-and-lights.com\/wp-content\/uploads\/2024\/07\/379526080_720210080103892_4587647123870981366_n1.jpg\" data-elementor-open-lightbox=\"yes\" data-elementor-lightbox-slideshow=\"faf187a\" data-e-action-hash=\"#elementor-action%3Aaction%3Dlightbox%26settings%3DeyJpZCI6MTYxMCwidXJsIjoiaHR0cHM6XC9cL2Ryb25lcy1hbmQtbGlnaHRzLmNvbVwvd3AtY29udGVudFwvdXBsb2Fkc1wvMjAyNFwvMDdcLzM3OTUyNjA4MF83MjAyMTAwODAxMDM4OTJfNDU4NzY0NzEyMzg3MDk4MTM2Nl9uMS5qcGciLCJzbGlkZXNob3ciOiJmYWYxODdhIn0%3D\">\n\t\t\t\t\t<div class=\"e-gallery-image elementor-gallery-item__image\" data-thumbnail=\"https:\/\/drones-and-lights.com\/wp-content\/uploads\/2024\/07\/379526080_720210080103892_4587647123870981366_n1-1030x1030.jpg\" data-width=\"1030\" data-height=\"1030\" aria-label=\"\" role=\"img\" ><\/div>\n\t\t\t\t\t\t\t\t\t\t\t<div class=\"elementor-gallery-item__overlay\"><\/div>\n\t\t\t\t\t\t\t\t\t\t\t\t\t\t<\/a>\n\t\t\t\t\t\t\t<a class=\"e-gallery-item elementor-gallery-item elementor-animated-content\" href=\"https:\/\/drones-and-lights.com\/wp-content\/uploads\/2024\/07\/380406600_720210086770558_4792504536143640738_n.jpg\" data-elementor-open-lightbox=\"yes\" data-elementor-lightbox-slideshow=\"faf187a\" data-e-action-hash=\"#elementor-action%3Aaction%3Dlightbox%26settings%3DeyJpZCI6MTYxMiwidXJsIjoiaHR0cHM6XC9cL2Ryb25lcy1hbmQtbGlnaHRzLmNvbVwvd3AtY29udGVudFwvdXBsb2Fkc1wvMjAyNFwvMDdcLzM4MDQwNjYwMF83MjAyMTAwODY3NzA1NThfNDc5MjUwNDUzNjE0MzY0MDczOF9uLmpwZyIsInNsaWRlc2hvdyI6ImZhZjE4N2EifQ%3D%3D\">\n\t\t\t\t\t<div class=\"e-gallery-image elementor-gallery-item__image\" data-thumbnail=\"https:\/\/drones-and-lights.com\/wp-content\/uploads\/2024\/07\/380406600_720210086770558_4792504536143640738_n-1030x1030.jpg\" data-width=\"1030\" data-height=\"1030\" aria-label=\"\" role=\"img\" ><\/div>\n\t\t\t\t\t\t\t\t\t\t\t<div class=\"elementor-gallery-item__overlay\"><\/div>\n\t\t\t\t\t\t\t\t\t\t\t\t\t\t<\/a>\n\t\t\t\t\t\t\t<a class=\"e-gallery-item elementor-gallery-item elementor-animated-content\" href=\"https:\/\/drones-and-lights.com\/wp-content\/uploads\/2024\/07\/380431669_720210090103891_2392756387894936859_n.jpg\" data-elementor-open-lightbox=\"yes\" data-elementor-lightbox-slideshow=\"faf187a\" data-e-action-hash=\"#elementor-action%3Aaction%3Dlightbox%26settings%3DeyJpZCI6MTYxNCwidXJsIjoiaHR0cHM6XC9cL2Ryb25lcy1hbmQtbGlnaHRzLmNvbVwvd3AtY29udGVudFwvdXBsb2Fkc1wvMjAyNFwvMDdcLzM4MDQzMTY2OV83MjAyMTAwOTAxMDM4OTFfMjM5Mjc1NjM4Nzg5NDkzNjg1OV9uLmpwZyIsInNsaWRlc2hvdyI6ImZhZjE4N2EifQ%3D%3D\">\n\t\t\t\t\t<div class=\"e-gallery-image elementor-gallery-item__image\" data-thumbnail=\"https:\/\/drones-and-lights.com\/wp-content\/uploads\/2024\/07\/380431669_720210090103891_2392756387894936859_n-1030x1030.jpg\" data-width=\"1030\" data-height=\"1030\" aria-label=\"\" role=\"img\" ><\/div>\n\t\t\t\t\t\t\t\t\t\t\t<div class=\"elementor-gallery-item__overlay\"><\/div>\n\t\t\t\t\t\t\t\t\t\t\t\t\t\t<\/a>\n\t\t\t\t\t<\/div>\n\t\t\t\t\t<\/div>\n\t\t\t\t<\/div>\n\t\t\t\t\t<\/div>\n\t\t\t\t<\/div>\n\t\t\t\t<\/div>\n\t\t","protected":false},"excerpt":{"rendered":"<p>Vilvorde, Belgique 15 sept 2023 Living Tomorrow est une plateforme d&rsquo;innovation qui connecte clients, partenaires, march\u00e9s et interlocuteurs gouvernementaux. Leur ambition est d&rsquo;acc\u00e9l\u00e9rer consid\u00e9rablement l&rsquo;innovation. Le 15 septembre, ils ont inaugur\u00e9 leur nouveau Campus de l&rsquo;Innovation, qui propose six zones d&rsquo;exp\u00e9rience permettant aux visiteurs de d\u00e9couvrir \u00e0 quoi pourrait ressembler la vie apr\u00e8s 2030. Quoi [&hellip;]<\/p>\n","protected":false},"author":2,"featured_media":1540,"comment_status":"open","ping_status":"open","sticky":false,"template":"","format":"standard","meta":{"content-type":"","_exactmetrics_skip_tracking":false,"_exactmetrics_sitenote_active":false,"_exactmetrics_sitenote_note":"","_exactmetrics_sitenote_category":0,"site-sidebar-layout":"default","site-content-layout":"","ast-site-content-layout":"default","site-content-style":"default","site-sidebar-style":"default","ast-global-header-display":"","ast-banner-title-visibility":"","ast-main-header-display":"","ast-hfb-above-header-display":"","ast-hfb-below-header-display":"","ast-hfb-mobile-header-display":"","site-post-title":"","ast-breadcrumbs-content":"","ast-featured-img":"disabled","footer-sml-layout":"","ast-disable-related-posts":"","theme-transparent-header-meta":"","adv-header-id-meta":"","stick-header-meta":"","header-above-stick-meta":"","header-main-stick-meta":"","header-below-stick-meta":"","astra-migrate-meta-layouts":"default","ast-page-background-enabled":"default","ast-page-background-meta":{"desktop":{"background-color":"","background-image":"","background-repeat":"repeat","background-position":"center center","background-size":"auto","background-attachment":"scroll","background-type":"","background-media":"","overlay-type":"","overlay-color":"","overlay-opacity":"","overlay-gradient":""},"tablet":{"background-color":"","background-image":"","background-repeat":"repeat","background-position":"center center","background-size":"auto","background-attachment":"scroll","background-type":"","background-media":"","overlay-type":"","overlay-color":"","overlay-opacity":"","overlay-gradient":""},"mobile":{"background-color":"","background-image":"","background-repeat":"repeat","background-position":"center center","background-size":"auto","background-attachment":"scroll","background-type":"","background-media":"","overlay-type":"","overlay-color":"","overlay-opacity":"","overlay-gradient":""}},"ast-content-background-meta":{"desktop":{"background-color":"var(--ast-global-color-5)","background-image":"","background-repeat":"repeat","background-position":"center center","background-size":"auto","background-attachment":"scroll","background-type":"","background-media":"","overlay-type":"","overlay-color":"","overlay-opacity":"","overlay-gradient":""},"tablet":{"background-color":"var(--ast-global-color-5)","background-image":"","background-repeat":"repeat","background-position":"center center","background-size":"auto","background-attachment":"scroll","background-type":"","background-media":"","overlay-type":"","overlay-color":"","overlay-opacity":"","overlay-gradient":""},"mobile":{"background-color":"var(--ast-global-color-5)","background-image":"","background-repeat":"repeat","background-position":"center center","background-size":"auto","background-attachment":"scroll","background-type":"","background-media":"","overlay-type":"","overlay-color":"","overlay-opacity":"","overlay-gradient":""}},"footnotes":""},"categories":[13],"tags":[52,44,45],"class_list":["post-2472","post","type-post","status-publish","format-standard","has-post-thumbnail","hentry","category-non-classifiee","tag-150-drones-fr","tag-evenement-prive","tag-musique"],"yoast_head":"<!-- This site is optimized with the Yoast SEO plugin v27.4 - https:\/\/yoast.com\/product\/yoast-seo-wordpress\/ -->\n<title>Inauguration du Campus de l&#039;Innovation de Living Tomorrow avec un spectacle de drones - AndLights<\/title>\n<meta name=\"robots\" content=\"index, follow, max-snippet:-1, max-image-preview:large, max-video-preview:-1\" \/>\n<link rel=\"canonical\" href=\"https:\/\/drones-and-lights.com\/fr\/2023\/09\/15\/inauguration-du-campus-de-linnovation-de-living-tomorrow-avec-un-spectacle-de-drones\/\" \/>\n<meta property=\"og:locale\" content=\"fr_FR\" \/>\n<meta property=\"og:type\" content=\"article\" \/>\n<meta property=\"og:title\" content=\"Inauguration du Campus de l&#039;Innovation de Living Tomorrow avec un spectacle de drones - AndLights\" \/>\n<meta property=\"og:description\" content=\"Vilvorde, Belgique 15 sept 2023 Living Tomorrow est une plateforme d&rsquo;innovation qui connecte clients, partenaires, march\u00e9s et interlocuteurs gouvernementaux. Leur ambition est d&rsquo;acc\u00e9l\u00e9rer consid\u00e9rablement l&rsquo;innovation. Le 15 septembre, ils ont inaugur\u00e9 leur nouveau Campus de l&rsquo;Innovation, qui propose six zones d&rsquo;exp\u00e9rience permettant aux visiteurs de d\u00e9couvrir \u00e0 quoi pourrait ressembler la vie apr\u00e8s 2030. Quoi [&hellip;]\" \/>\n<meta property=\"og:url\" content=\"https:\/\/drones-and-lights.com\/fr\/2023\/09\/15\/inauguration-du-campus-de-linnovation-de-living-tomorrow-avec-un-spectacle-de-drones\/\" \/>\n<meta property=\"og:site_name\" content=\"AndLights\" \/>\n<meta property=\"article:publisher\" content=\"https:\/\/www.facebook.com\/AndLightsBE\/\" \/>\n<meta property=\"article:published_time\" content=\"2023-09-15T21:40:00+00:00\" \/>\n<meta property=\"article:modified_time\" content=\"2025-02-25T13:42:03+00:00\" \/>\n<meta property=\"og:image\" content=\"https:\/\/drones-and-lights.com\/wp-content\/uploads\/2024\/07\/maxresdefault3.jpg\" \/>\n\t<meta property=\"og:image:width\" content=\"1280\" \/>\n\t<meta property=\"og:image:height\" content=\"720\" \/>\n\t<meta property=\"og:image:type\" content=\"image\/jpeg\" \/>\n<meta name=\"author\" content=\"Hannes Verschore\" \/>\n<meta name=\"twitter:card\" content=\"summary_large_image\" \/>\n<meta name=\"twitter:label1\" content=\"\u00c9crit par\" \/>\n\t<meta name=\"twitter:data1\" content=\"Hannes Verschore\" \/>\n\t<meta name=\"twitter:label2\" content=\"Dur\u00e9e de lecture estim\u00e9e\" \/>\n\t<meta name=\"twitter:data2\" content=\"1 minute\" \/>\n<script type=\"application\/ld+json\" class=\"yoast-schema-graph\">{\"@context\":\"https:\\\/\\\/schema.org\",\"@graph\":[{\"@type\":\"Article\",\"@id\":\"https:\\\/\\\/drones-and-lights.com\\\/fr\\\/2023\\\/09\\\/15\\\/inauguration-du-campus-de-linnovation-de-living-tomorrow-avec-un-spectacle-de-drones\\\/#article\",\"isPartOf\":{\"@id\":\"https:\\\/\\\/drones-and-lights.com\\\/fr\\\/2023\\\/09\\\/15\\\/inauguration-du-campus-de-linnovation-de-living-tomorrow-avec-un-spectacle-de-drones\\\/\"},\"author\":{\"name\":\"Hannes Verschore\",\"@id\":\"https:\\\/\\\/drones-and-lights.com\\\/fr\\\/#\\\/schema\\\/person\\\/4af71580a3b682c7b4a8a086bdd32103\"},\"headline\":\"Inauguration du Campus de l&rsquo;Innovation de Living Tomorrow avec un spectacle de drones\",\"datePublished\":\"2023-09-15T21:40:00+00:00\",\"dateModified\":\"2025-02-25T13:42:03+00:00\",\"mainEntityOfPage\":{\"@id\":\"https:\\\/\\\/drones-and-lights.com\\\/fr\\\/2023\\\/09\\\/15\\\/inauguration-du-campus-de-linnovation-de-living-tomorrow-avec-un-spectacle-de-drones\\\/\"},\"wordCount\":242,\"commentCount\":0,\"publisher\":{\"@id\":\"https:\\\/\\\/drones-and-lights.com\\\/fr\\\/#organization\"},\"image\":{\"@id\":\"https:\\\/\\\/drones-and-lights.com\\\/fr\\\/2023\\\/09\\\/15\\\/inauguration-du-campus-de-linnovation-de-living-tomorrow-avec-un-spectacle-de-drones\\\/#primaryimage\"},\"thumbnailUrl\":\"https:\\\/\\\/drones-and-lights.com\\\/wp-content\\\/uploads\\\/2024\\\/07\\\/maxresdefault3.jpg\",\"keywords\":[\"150 drones\",\"\u00e9v\u00e9nement priv\u00e9\",\"musique\"],\"articleSection\":[\"Non classifi\u00e9(e)\"],\"inLanguage\":\"fr-FR\",\"potentialAction\":[{\"@type\":\"CommentAction\",\"name\":\"Comment\",\"target\":[\"https:\\\/\\\/drones-and-lights.com\\\/fr\\\/2023\\\/09\\\/15\\\/inauguration-du-campus-de-linnovation-de-living-tomorrow-avec-un-spectacle-de-drones\\\/#respond\"]}]},{\"@type\":\"WebPage\",\"@id\":\"https:\\\/\\\/drones-and-lights.com\\\/fr\\\/2023\\\/09\\\/15\\\/inauguration-du-campus-de-linnovation-de-living-tomorrow-avec-un-spectacle-de-drones\\\/\",\"url\":\"https:\\\/\\\/drones-and-lights.com\\\/fr\\\/2023\\\/09\\\/15\\\/inauguration-du-campus-de-linnovation-de-living-tomorrow-avec-un-spectacle-de-drones\\\/\",\"name\":\"Inauguration du Campus de l'Innovation de Living Tomorrow avec un spectacle de drones - AndLights\",\"isPartOf\":{\"@id\":\"https:\\\/\\\/drones-and-lights.com\\\/fr\\\/#website\"},\"primaryImageOfPage\":{\"@id\":\"https:\\\/\\\/drones-and-lights.com\\\/fr\\\/2023\\\/09\\\/15\\\/inauguration-du-campus-de-linnovation-de-living-tomorrow-avec-un-spectacle-de-drones\\\/#primaryimage\"},\"image\":{\"@id\":\"https:\\\/\\\/drones-and-lights.com\\\/fr\\\/2023\\\/09\\\/15\\\/inauguration-du-campus-de-linnovation-de-living-tomorrow-avec-un-spectacle-de-drones\\\/#primaryimage\"},\"thumbnailUrl\":\"https:\\\/\\\/drones-and-lights.com\\\/wp-content\\\/uploads\\\/2024\\\/07\\\/maxresdefault3.jpg\",\"datePublished\":\"2023-09-15T21:40:00+00:00\",\"dateModified\":\"2025-02-25T13:42:03+00:00\",\"breadcrumb\":{\"@id\":\"https:\\\/\\\/drones-and-lights.com\\\/fr\\\/2023\\\/09\\\/15\\\/inauguration-du-campus-de-linnovation-de-living-tomorrow-avec-un-spectacle-de-drones\\\/#breadcrumb\"},\"inLanguage\":\"fr-FR\",\"potentialAction\":[{\"@type\":\"ReadAction\",\"target\":[\"https:\\\/\\\/drones-and-lights.com\\\/fr\\\/2023\\\/09\\\/15\\\/inauguration-du-campus-de-linnovation-de-living-tomorrow-avec-un-spectacle-de-drones\\\/\"]}]},{\"@type\":\"ImageObject\",\"inLanguage\":\"fr-FR\",\"@id\":\"https:\\\/\\\/drones-and-lights.com\\\/fr\\\/2023\\\/09\\\/15\\\/inauguration-du-campus-de-linnovation-de-living-tomorrow-avec-un-spectacle-de-drones\\\/#primaryimage\",\"url\":\"https:\\\/\\\/drones-and-lights.com\\\/wp-content\\\/uploads\\\/2024\\\/07\\\/maxresdefault3.jpg\",\"contentUrl\":\"https:\\\/\\\/drones-and-lights.com\\\/wp-content\\\/uploads\\\/2024\\\/07\\\/maxresdefault3.jpg\",\"width\":1280,\"height\":720},{\"@type\":\"BreadcrumbList\",\"@id\":\"https:\\\/\\\/drones-and-lights.com\\\/fr\\\/2023\\\/09\\\/15\\\/inauguration-du-campus-de-linnovation-de-living-tomorrow-avec-un-spectacle-de-drones\\\/#breadcrumb\",\"itemListElement\":[{\"@type\":\"ListItem\",\"position\":1,\"name\":\"Home\",\"item\":\"https:\\\/\\\/drones-and-lights.com\\\/fr\\\/\"},{\"@type\":\"ListItem\",\"position\":2,\"name\":\"Inauguration du Campus de l&#8217;Innovation de Living Tomorrow avec un spectacle de drones\"}]},{\"@type\":\"WebSite\",\"@id\":\"https:\\\/\\\/drones-and-lights.com\\\/fr\\\/#website\",\"url\":\"https:\\\/\\\/drones-and-lights.com\\\/fr\\\/\",\"name\":\"And-Lights\",\"description\":\"enlighten your professional event with an air light show\",\"publisher\":{\"@id\":\"https:\\\/\\\/drones-and-lights.com\\\/fr\\\/#organization\"},\"potentialAction\":[{\"@type\":\"SearchAction\",\"target\":{\"@type\":\"EntryPoint\",\"urlTemplate\":\"https:\\\/\\\/drones-and-lights.com\\\/fr\\\/?s={search_term_string}\"},\"query-input\":{\"@type\":\"PropertyValueSpecification\",\"valueRequired\":true,\"valueName\":\"search_term_string\"}}],\"inLanguage\":\"fr-FR\"},{\"@type\":\"Organization\",\"@id\":\"https:\\\/\\\/drones-and-lights.com\\\/fr\\\/#organization\",\"name\":\"AndLights\",\"url\":\"https:\\\/\\\/drones-and-lights.com\\\/fr\\\/\",\"logo\":{\"@type\":\"ImageObject\",\"inLanguage\":\"fr-FR\",\"@id\":\"https:\\\/\\\/drones-and-lights.com\\\/fr\\\/#\\\/schema\\\/logo\\\/image\\\/\",\"url\":\"https:\\\/\\\/drones-and-lights.com\\\/wp-content\\\/uploads\\\/2024\\\/07\\\/test2024-1.png\",\"contentUrl\":\"https:\\\/\\\/drones-and-lights.com\\\/wp-content\\\/uploads\\\/2024\\\/07\\\/test2024-1.png\",\"width\":2171,\"height\":487,\"caption\":\"AndLights\"},\"image\":{\"@id\":\"https:\\\/\\\/drones-and-lights.com\\\/fr\\\/#\\\/schema\\\/logo\\\/image\\\/\"},\"sameAs\":[\"https:\\\/\\\/www.facebook.com\\\/AndLightsBE\\\/\",\"https:\\\/\\\/www.instagram.com\\\/and.lights\\\/\"]},{\"@type\":\"Person\",\"@id\":\"https:\\\/\\\/drones-and-lights.com\\\/fr\\\/#\\\/schema\\\/person\\\/4af71580a3b682c7b4a8a086bdd32103\",\"name\":\"Hannes Verschore\",\"image\":{\"@type\":\"ImageObject\",\"inLanguage\":\"fr-FR\",\"@id\":\"https:\\\/\\\/secure.gravatar.com\\\/avatar\\\/d07c3a5abc6376ac65dad484b1bec8c3e3d80500a46a92b6c8e8e3781f0f17ef?s=96&d=mm&r=g\",\"url\":\"https:\\\/\\\/secure.gravatar.com\\\/avatar\\\/d07c3a5abc6376ac65dad484b1bec8c3e3d80500a46a92b6c8e8e3781f0f17ef?s=96&d=mm&r=g\",\"contentUrl\":\"https:\\\/\\\/secure.gravatar.com\\\/avatar\\\/d07c3a5abc6376ac65dad484b1bec8c3e3d80500a46a92b6c8e8e3781f0f17ef?s=96&d=mm&r=g\",\"caption\":\"Hannes Verschore\"},\"url\":\"https:\\\/\\\/drones-and-lights.com\\\/fr\\\/author\\\/hannes\\\/\"}]}<\/script>\n<!-- \/ Yoast SEO plugin. -->","yoast_head_json":{"title":"Inauguration du Campus de l'Innovation de Living Tomorrow avec un spectacle de drones - AndLights","robots":{"index":"index","follow":"follow","max-snippet":"max-snippet:-1","max-image-preview":"max-image-preview:large","max-video-preview":"max-video-preview:-1"},"canonical":"https:\/\/drones-and-lights.com\/fr\/2023\/09\/15\/inauguration-du-campus-de-linnovation-de-living-tomorrow-avec-un-spectacle-de-drones\/","og_locale":"fr_FR","og_type":"article","og_title":"Inauguration du Campus de l'Innovation de Living Tomorrow avec un spectacle de drones - AndLights","og_description":"Vilvorde, Belgique 15 sept 2023 Living Tomorrow est une plateforme d&rsquo;innovation qui connecte clients, partenaires, march\u00e9s et interlocuteurs gouvernementaux. Leur ambition est d&rsquo;acc\u00e9l\u00e9rer consid\u00e9rablement l&rsquo;innovation. Le 15 septembre, ils ont inaugur\u00e9 leur nouveau Campus de l&rsquo;Innovation, qui propose six zones d&rsquo;exp\u00e9rience permettant aux visiteurs de d\u00e9couvrir \u00e0 quoi pourrait ressembler la vie apr\u00e8s 2030. Quoi [&hellip;]","og_url":"https:\/\/drones-and-lights.com\/fr\/2023\/09\/15\/inauguration-du-campus-de-linnovation-de-living-tomorrow-avec-un-spectacle-de-drones\/","og_site_name":"AndLights","article_publisher":"https:\/\/www.facebook.com\/AndLightsBE\/","article_published_time":"2023-09-15T21:40:00+00:00","article_modified_time":"2025-02-25T13:42:03+00:00","og_image":[{"width":1280,"height":720,"url":"https:\/\/drones-and-lights.com\/wp-content\/uploads\/2024\/07\/maxresdefault3.jpg","type":"image\/jpeg"}],"author":"Hannes Verschore","twitter_card":"summary_large_image","twitter_misc":{"\u00c9crit par":"Hannes Verschore","Dur\u00e9e de lecture estim\u00e9e":"1 minute"},"schema":{"@context":"https:\/\/schema.org","@graph":[{"@type":"Article","@id":"https:\/\/drones-and-lights.com\/fr\/2023\/09\/15\/inauguration-du-campus-de-linnovation-de-living-tomorrow-avec-un-spectacle-de-drones\/#article","isPartOf":{"@id":"https:\/\/drones-and-lights.com\/fr\/2023\/09\/15\/inauguration-du-campus-de-linnovation-de-living-tomorrow-avec-un-spectacle-de-drones\/"},"author":{"name":"Hannes Verschore","@id":"https:\/\/drones-and-lights.com\/fr\/#\/schema\/person\/4af71580a3b682c7b4a8a086bdd32103"},"headline":"Inauguration du Campus de l&rsquo;Innovation de Living Tomorrow avec un spectacle de drones","datePublished":"2023-09-15T21:40:00+00:00","dateModified":"2025-02-25T13:42:03+00:00","mainEntityOfPage":{"@id":"https:\/\/drones-and-lights.com\/fr\/2023\/09\/15\/inauguration-du-campus-de-linnovation-de-living-tomorrow-avec-un-spectacle-de-drones\/"},"wordCount":242,"commentCount":0,"publisher":{"@id":"https:\/\/drones-and-lights.com\/fr\/#organization"},"image":{"@id":"https:\/\/drones-and-lights.com\/fr\/2023\/09\/15\/inauguration-du-campus-de-linnovation-de-living-tomorrow-avec-un-spectacle-de-drones\/#primaryimage"},"thumbnailUrl":"https:\/\/drones-and-lights.com\/wp-content\/uploads\/2024\/07\/maxresdefault3.jpg","keywords":["150 drones","\u00e9v\u00e9nement priv\u00e9","musique"],"articleSection":["Non classifi\u00e9(e)"],"inLanguage":"fr-FR","potentialAction":[{"@type":"CommentAction","name":"Comment","target":["https:\/\/drones-and-lights.com\/fr\/2023\/09\/15\/inauguration-du-campus-de-linnovation-de-living-tomorrow-avec-un-spectacle-de-drones\/#respond"]}]},{"@type":"WebPage","@id":"https:\/\/drones-and-lights.com\/fr\/2023\/09\/15\/inauguration-du-campus-de-linnovation-de-living-tomorrow-avec-un-spectacle-de-drones\/","url":"https:\/\/drones-and-lights.com\/fr\/2023\/09\/15\/inauguration-du-campus-de-linnovation-de-living-tomorrow-avec-un-spectacle-de-drones\/","name":"Inauguration du Campus de l'Innovation de Living Tomorrow avec un spectacle de drones - AndLights","isPartOf":{"@id":"https:\/\/drones-and-lights.com\/fr\/#website"},"primaryImageOfPage":{"@id":"https:\/\/drones-and-lights.com\/fr\/2023\/09\/15\/inauguration-du-campus-de-linnovation-de-living-tomorrow-avec-un-spectacle-de-drones\/#primaryimage"},"image":{"@id":"https:\/\/drones-and-lights.com\/fr\/2023\/09\/15\/inauguration-du-campus-de-linnovation-de-living-tomorrow-avec-un-spectacle-de-drones\/#primaryimage"},"thumbnailUrl":"https:\/\/drones-and-lights.com\/wp-content\/uploads\/2024\/07\/maxresdefault3.jpg","datePublished":"2023-09-15T21:40:00+00:00","dateModified":"2025-02-25T13:42:03+00:00","breadcrumb":{"@id":"https:\/\/drones-and-lights.com\/fr\/2023\/09\/15\/inauguration-du-campus-de-linnovation-de-living-tomorrow-avec-un-spectacle-de-drones\/#breadcrumb"},"inLanguage":"fr-FR","potentialAction":[{"@type":"ReadAction","target":["https:\/\/drones-and-lights.com\/fr\/2023\/09\/15\/inauguration-du-campus-de-linnovation-de-living-tomorrow-avec-un-spectacle-de-drones\/"]}]},{"@type":"ImageObject","inLanguage":"fr-FR","@id":"https:\/\/drones-and-lights.com\/fr\/2023\/09\/15\/inauguration-du-campus-de-linnovation-de-living-tomorrow-avec-un-spectacle-de-drones\/#primaryimage","url":"https:\/\/drones-and-lights.com\/wp-content\/uploads\/2024\/07\/maxresdefault3.jpg","contentUrl":"https:\/\/drones-and-lights.com\/wp-content\/uploads\/2024\/07\/maxresdefault3.jpg","width":1280,"height":720},{"@type":"BreadcrumbList","@id":"https:\/\/drones-and-lights.com\/fr\/2023\/09\/15\/inauguration-du-campus-de-linnovation-de-living-tomorrow-avec-un-spectacle-de-drones\/#breadcrumb","itemListElement":[{"@type":"ListItem","position":1,"name":"Home","item":"https:\/\/drones-and-lights.com\/fr\/"},{"@type":"ListItem","position":2,"name":"Inauguration du Campus de l&#8217;Innovation de Living Tomorrow avec un spectacle de drones"}]},{"@type":"WebSite","@id":"https:\/\/drones-and-lights.com\/fr\/#website","url":"https:\/\/drones-and-lights.com\/fr\/","name":"And-Lights","description":"enlighten your professional event with an air light show","publisher":{"@id":"https:\/\/drones-and-lights.com\/fr\/#organization"},"potentialAction":[{"@type":"SearchAction","target":{"@type":"EntryPoint","urlTemplate":"https:\/\/drones-and-lights.com\/fr\/?s={search_term_string}"},"query-input":{"@type":"PropertyValueSpecification","valueRequired":true,"valueName":"search_term_string"}}],"inLanguage":"fr-FR"},{"@type":"Organization","@id":"https:\/\/drones-and-lights.com\/fr\/#organization","name":"AndLights","url":"https:\/\/drones-and-lights.com\/fr\/","logo":{"@type":"ImageObject","inLanguage":"fr-FR","@id":"https:\/\/drones-and-lights.com\/fr\/#\/schema\/logo\/image\/","url":"https:\/\/drones-and-lights.com\/wp-content\/uploads\/2024\/07\/test2024-1.png","contentUrl":"https:\/\/drones-and-lights.com\/wp-content\/uploads\/2024\/07\/test2024-1.png","width":2171,"height":487,"caption":"AndLights"},"image":{"@id":"https:\/\/drones-and-lights.com\/fr\/#\/schema\/logo\/image\/"},"sameAs":["https:\/\/www.facebook.com\/AndLightsBE\/","https:\/\/www.instagram.com\/and.lights\/"]},{"@type":"Person","@id":"https:\/\/drones-and-lights.com\/fr\/#\/schema\/person\/4af71580a3b682c7b4a8a086bdd32103","name":"Hannes Verschore","image":{"@type":"ImageObject","inLanguage":"fr-FR","@id":"https:\/\/secure.gravatar.com\/avatar\/d07c3a5abc6376ac65dad484b1bec8c3e3d80500a46a92b6c8e8e3781f0f17ef?s=96&d=mm&r=g","url":"https:\/\/secure.gravatar.com\/avatar\/d07c3a5abc6376ac65dad484b1bec8c3e3d80500a46a92b6c8e8e3781f0f17ef?s=96&d=mm&r=g","contentUrl":"https:\/\/secure.gravatar.com\/avatar\/d07c3a5abc6376ac65dad484b1bec8c3e3d80500a46a92b6c8e8e3781f0f17ef?s=96&d=mm&r=g","caption":"Hannes Verschore"},"url":"https:\/\/drones-and-lights.com\/fr\/author\/hannes\/"}]}},"_links":{"self":[{"href":"https:\/\/drones-and-lights.com\/fr\/wp-json\/wp\/v2\/posts\/2472","targetHints":{"allow":["GET"]}}],"collection":[{"href":"https:\/\/drones-and-lights.com\/fr\/wp-json\/wp\/v2\/posts"}],"about":[{"href":"https:\/\/drones-and-lights.com\/fr\/wp-json\/wp\/v2\/types\/post"}],"author":[{"embeddable":true,"href":"https:\/\/drones-and-lights.com\/fr\/wp-json\/wp\/v2\/users\/2"}],"replies":[{"embeddable":true,"href":"https:\/\/drones-and-lights.com\/fr\/wp-json\/wp\/v2\/comments?post=2472"}],"version-history":[{"count":3,"href":"https:\/\/drones-and-lights.com\/fr\/wp-json\/wp\/v2\/posts\/2472\/revisions"}],"predecessor-version":[{"id":2475,"href":"https:\/\/drones-and-lights.com\/fr\/wp-json\/wp\/v2\/posts\/2472\/revisions\/2475"}],"wp:featuredmedia":[{"embeddable":true,"href":"https:\/\/drones-and-lights.com\/fr\/wp-json\/wp\/v2\/media\/1540"}],"wp:attachment":[{"href":"https:\/\/drones-and-lights.com\/fr\/wp-json\/wp\/v2\/media?parent=2472"}],"wp:term":[{"taxonomy":"category","embeddable":true,"href":"https:\/\/drones-and-lights.com\/fr\/wp-json\/wp\/v2\/categories?post=2472"},{"taxonomy":"post_tag","embeddable":true,"href":"https:\/\/drones-and-lights.com\/fr\/wp-json\/wp\/v2\/tags?post=2472"}],"curies":[{"name":"wp","href":"https:\/\/api.w.org\/{rel}","templated":true}]}}